{"id":4093,"date":"2024-07-18T10:25:24","date_gmt":"2024-07-18T08:25:24","guid":{"rendered":"https:\/\/prokind.or.at\/pk\/?p=4093"},"modified":"2024-07-18T10:25:24","modified_gmt":"2024-07-18T08:25:24","slug":"spendenuebergabe-spar-prauchner","status":"publish","type":"post","link":"https:\/\/prokind.or.at\/pk\/index.php\/2024\/07\/18\/spendenuebergabe-spar-prauchner\/","title":{"rendered":"Spenden\u00fcbergabe Spar Prauchner"},"content":{"rendered":"\n<h2 class=\"wp-block-heading\"><strong>Ein riesengro\u00dfes Dankesch\u00f6n an alle Sponsoren, Vereine und Privatpersonen, die dieses soziale Projekt unterst\u00fctzt haben. Ohne euch w\u00e4re diese Segelwoche nicht m\u00f6glich!&nbsp;<\/strong><\/h2>\n\n\n\n<h2 class=\"wp-block-heading\"><strong>Besonderen Dank gilt unseren langj\u00e4hrigen Gro\u00dfsponsoren wie Raiffeisen Holding N\u00d6 \u2013 Wien, die Lions Clubs Wieselburg und Melk, Firma Spar und Spar Prauchner in Gresten unter Christian Prauchner, das Reiseb\u00fcro Brunner aus Gresten, die Firma Henkel und \u00d6AAB Ortsgruppe Gresten unter Markus Weinmesser.<\/strong><\/h2>\n\n\n\n<h2 class=\"wp-block-heading\"><strong>Vielen, vielen Dank!<\/strong><\/h2>\n\n\n\n<figure class=\"wp-block-image size-large is-resized\"><img fetchpriority=\"high\" decoding=\"async\" width=\"1024\" height=\"769\" src=\"http:\/\/prokind.or.at\/pk\/wp-content\/uploads\/2024\/06\/IMG_1646-1024x769.jpg\" alt=\"\" class=\"wp-image-3592\" style=\"width:838px;height:auto\" srcset=\"https:\/\/prokind.or.at\/pk\/wp-content\/uploads\/2024\/06\/IMG_1646-1024x769.jpg 1024w, https:\/\/prokind.or.at\/pk\/wp-content\/uploads\/2024\/06\/IMG_1646-300x225.jpg 300w, https:\/\/prokind.or.at\/pk\/wp-content\/uploads\/2024\/06\/IMG_1646-768x577.jpg 768w, https:\/\/prokind.or.at\/pk\/wp-content\/uploads\/2024\/06\/IMG_1646-1536x1153.jpg 1536w, https:\/\/prokind.or.at\/pk\/wp-content\/uploads\/2024\/06\/IMG_1646-2048x1538.jpg 2048w\" sizes=\"(max-width: 1024px) 100vw, 1024px\" \/><\/figure>\n","protected":false},"excerpt":{"rendered":"<p>Ein riesengro\u00dfes Dankesch\u00f6n an alle Sponsoren, Vereine und Privatpersonen, die dieses soziale Projekt unterst\u00fctzt haben. Ohne euch w\u00e4re diese Segelwoche nicht m\u00f6glich!&nbsp; Besonderen Dank gilt unseren langj\u00e4hrigen Gro\u00dfsponsoren wie Raiffeisen Holding N\u00d6 \u2013 Wien, die Lions Clubs Wieselburg und Melk, Firma Spar und Spar Prauchner in Gresten unter Christian Prauchner, das Reiseb\u00fcro Brunner aus Gresten, [&hellip;]<\/p>\n","protected":false},"author":2,"featured_media":0,"comment_status":"closed","ping_status":"closed","sticky":false,"template":"","format":"standard","meta":{"ocean_post_layout":"","ocean_both_sidebars_style":"","ocean_both_sidebars_content_width":0,"ocean_both_sidebars_sidebars_width":0,"ocean_sidebar":"","ocean_second_sidebar":"","ocean_disable_margins":"enable","ocean_add_body_class":"","ocean_shortcode_before_top_bar":"","ocean_shortcode_after_top_bar":"","ocean_shortcode_before_header":"","ocean_shortcode_after_header":"","ocean_has_shortcode":"","ocean_shortcode_after_title":"","ocean_shortcode_before_footer_widgets":"","ocean_shortcode_after_footer_widgets":"","ocean_shortcode_before_footer_bottom":"","ocean_shortcode_after_footer_bottom":"","ocean_display_top_bar":"default","ocean_display_header":"default","ocean_header_style":"","ocean_center_header_left_menu":"","ocean_custom_header_template":"","ocean_custom_logo":0,"ocean_custom_retina_logo":0,"ocean_custom_logo_max_width":0,"ocean_custom_logo_tablet_max_width":0,"ocean_custom_logo_mobile_max_width":0,"ocean_custom_logo_max_height":0,"ocean_custom_logo_tablet_max_height":0,"ocean_custom_logo_mobile_max_height":0,"ocean_header_custom_menu":"","ocean_menu_typo_font_family":"","ocean_menu_typo_font_subset":"","ocean_menu_typo_font_size":0,"ocean_menu_typo_font_size_tablet":0,"ocean_menu_typo_font_size_mobile":0,"ocean_menu_typo_font_size_unit":"px","ocean_menu_typo_font_weight":"","ocean_menu_typo_font_weight_tablet":"","ocean_menu_typo_font_weight_mobile":"","ocean_menu_typo_transform":"","ocean_menu_typo_transform_tablet":"","ocean_menu_typo_transform_mobile":"","ocean_menu_typo_line_height":0,"ocean_menu_typo_line_height_tablet":0,"ocean_menu_typo_line_height_mobile":0,"ocean_menu_typo_line_height_unit":"","ocean_menu_typo_spacing":0,"ocean_menu_typo_spacing_tablet":0,"ocean_menu_typo_spacing_mobile":0,"ocean_menu_typo_spacing_unit":"","ocean_menu_link_color":"","ocean_menu_link_color_hover":"","ocean_menu_link_color_active":"","ocean_menu_link_background":"","ocean_menu_link_hover_background":"","ocean_menu_link_active_background":"","ocean_menu_social_links_bg":"","ocean_menu_social_hover_links_bg":"","ocean_menu_social_links_color":"","ocean_menu_social_hover_links_color":"","ocean_disable_title":"default","ocean_disable_heading":"default","ocean_post_title":"","ocean_post_subheading":"","ocean_post_title_style":"","ocean_post_title_background_color":"","ocean_post_title_background":0,"ocean_post_title_bg_image_position":"","ocean_post_title_bg_image_attachment":"","ocean_post_title_bg_image_repeat":"","ocean_post_title_bg_image_size":"","ocean_post_title_height":0,"ocean_post_title_bg_overlay":0.5,"ocean_post_title_bg_overlay_color":"","ocean_disable_breadcrumbs":"default","ocean_breadcrumbs_color":"","ocean_breadcrumbs_separator_color":"","ocean_breadcrumbs_links_color":"","ocean_breadcrumbs_links_hover_color":"","ocean_display_footer_widgets":"default","ocean_display_footer_bottom":"default","ocean_custom_footer_template":"","ocean_post_oembed":"","ocean_post_self_hosted_media":"","ocean_post_video_embed":"","ocean_link_format":"","ocean_link_format_target":"self","ocean_quote_format":"","ocean_quote_format_link":"post","ocean_gallery_link_images":"on","ocean_gallery_id":[],"footnotes":""},"categories":[1],"tags":[],"class_list":["post-4093","post","type-post","status-publish","format-standard","hentry","category-allgemein","entry"],"_links":{"self":[{"href":"https:\/\/prokind.or.at\/pk\/index.php\/wp-json\/wp\/v2\/posts\/4093","targetHints":{"allow":["GET"]}}],"collection":[{"href":"https:\/\/prokind.or.at\/pk\/index.php\/wp-json\/wp\/v2\/posts"}],"about":[{"href":"https:\/\/prokind.or.at\/pk\/index.php\/wp-json\/wp\/v2\/types\/post"}],"author":[{"embeddable":true,"href":"https:\/\/prokind.or.at\/pk\/index.php\/wp-json\/wp\/v2\/users\/2"}],"replies":[{"embeddable":true,"href":"https:\/\/prokind.or.at\/pk\/index.php\/wp-json\/wp\/v2\/comments?post=4093"}],"version-history":[{"count":1,"href":"https:\/\/prokind.or.at\/pk\/index.php\/wp-json\/wp\/v2\/posts\/4093\/revisions"}],"predecessor-version":[{"id":4094,"href":"https:\/\/prokind.or.at\/pk\/index.php\/wp-json\/wp\/v2\/posts\/4093\/revisions\/4094"}],"wp:attachment":[{"href":"https:\/\/prokind.or.at\/pk\/index.php\/wp-json\/wp\/v2\/media?parent=4093"}],"wp:term":[{"taxonomy":"category","embeddable":true,"href":"https:\/\/prokind.or.at\/pk\/index.php\/wp-json\/wp\/v2\/categories?post=4093"},{"taxonomy":"post_tag","embeddable":true,"href":"https:\/\/prokind.or.at\/pk\/index.php\/wp-json\/wp\/v2\/tags?post=4093"}],"curies":[{"name":"wp","href":"https:\/\/api.w.org\/{rel}","templated":true}]}}